{"id":3123,"date":"2022-02-21T10:12:16","date_gmt":"2022-02-21T13:12:16","guid":{"rendered":"https:\/\/isp2-sfe.infd.edu.ar\/sitio\/?p=3123"},"modified":"2023-06-26T17:58:26","modified_gmt":"2023-06-26T20:58:26","slug":"convocatoria-de-promotores-ambientales","status":"publish","type":"post","link":"https:\/\/isp2-sfe.infd.edu.ar\/sitio\/convocatoria-de-promotores-ambientales\/","title":{"rendered":"Convocatoria de Promotores Ambientales"},"content":{"rendered":"\n<p>En el marco del Programa Creando Conciencia, el Instituto para el Desarrollo Sustentable abre una b\u00fasqueda para estudiantes del Instituto Superior del Profesorado N\u00b02 \u201cJoaqu\u00edn V. Gonz\u00e1lez\u201d que quieran formar parte del equipo ambiental en territorio. Los interesados deben enviar un CV y certificado de alumno regular a <a href=\"mailto:creandoconcienciarafaela@gmail.com\">creandoconcienciarafaela@gmail.com<\/a>.<\/p>\n\n\n\n<p>Los Promotores Ambientales cumplen un rol fundamental dentro del IDSR. Ya que el Programa Creando Conciencia, que cumple 14 a\u00f1os de trabajo ininterrumpido en la ciudad,&nbsp; visita m\u00e1s de 90 instituciones educativas de todos los niveles, recorre m\u00e1s de 40 barrios y participa de numerosos eventos de tipo sociales, educativos y culturales.&nbsp;<\/p>\n\n\n\n<p>En todas estas labores, el rol de los Promotores Ambientales es indispensable, tanto en la planificaci\u00f3n, el armado y la ejecuci\u00f3n de las acciones en territorio.&nbsp;<\/p>\n\n\n\n<p>Las tareas que realizan van desde la educaci\u00f3n ambiental a ni\u00f1os, ni\u00f1as y j\u00f3venes en el aula o en las visitas guiadas de los grupos escolares a distintos puntos ambientales de la ciudad; la concientizaci\u00f3n en los diferentes barrios para extender el mensaje sobre la correcta separaci\u00f3n de residuos; la difusi\u00f3n y atenci\u00f3n del Punto Verde M\u00f3vil para residuos especiales, la participaci\u00f3n en eventos locales; entre otros.<\/p>\n\n\n\n<p><strong>B\u00fasqueda<\/strong><\/p>\n\n\n\n<p>El espacio de colaboraci\u00f3n est\u00e1 orientado a estudiantes del ISP N\u00b02 que tengan primer a\u00f1o regularizado, y est\u00e9n cursando segundo, tercer o cuarto a\u00f1o de su carrera. Ser\u00e1n considerados los perfiles proactivos, que tengan inter\u00e9s por el cuidado del medio ambiente y capacidad de interacci\u00f3n.<\/p>\n\n\n\n<p>Los interesados en participar de la propuesta, deben enviar un CV a <a href=\"mailto:creandoconcienciarafaela@gmail.com\">creandoconcienciarafaela@gmail.com<\/a>, incluyendo sin excepci\u00f3n el certificado de alumno regular.<\/p>\n","protected":false},"excerpt":{"rendered":"<p>En el marco del Programa Creando Conciencia, el Instituto para el Desarrollo Sustentable abre una b\u00fasqueda para estudiantes del Instituto Superior del Profesorado N\u00b02 \u201cJoaqu\u00edn V. Gonz\u00e1lez\u201d que quieran formar parte del equipo ambiental en territorio. Los interesados deben enviar un CV y certificado de alumno regular a creandoconcienciarafaela@gmail.com. Los Promotores Ambientales cumplen un rol &#8230; <a title=\"Convocatoria de Promotores Ambientales\" class=\"read-more\" href=\"https:\/\/isp2-sfe.infd.edu.ar\/sitio\/convocatoria-de-promotores-ambientales\/\" aria-label=\"More on Convocatoria de Promotores Ambientales\">[+]<\/a><\/p>\n","protected":false},"author":3999,"featured_media":3124,"comment_status":"closed","ping_status":"open","sticky":false,"template":"","format":"standard","meta":[],"categories":[8,6],"tags":[],"acf":[],"_links":{"self":[{"href":"https:\/\/isp2-sfe.infd.edu.ar\/sitio\/wp-json\/wp\/v2\/posts\/3123"}],"collection":[{"href":"https:\/\/isp2-sfe.infd.edu.ar\/sitio\/wp-json\/wp\/v2\/posts"}],"about":[{"href":"https:\/\/isp2-sfe.infd.edu.ar\/sitio\/wp-json\/wp\/v2\/types\/post"}],"author":[{"embeddable":true,"href":"https:\/\/isp2-sfe.infd.edu.ar\/sitio\/wp-json\/wp\/v2\/users\/3999"}],"replies":[{"embeddable":true,"href":"https:\/\/isp2-sfe.infd.edu.ar\/sitio\/wp-json\/wp\/v2\/comments?post=3123"}],"version-history":[{"count":1,"href":"https:\/\/isp2-sfe.infd.edu.ar\/sitio\/wp-json\/wp\/v2\/posts\/3123\/revisions"}],"predecessor-version":[{"id":3125,"href":"https:\/\/isp2-sfe.infd.edu.ar\/sitio\/wp-json\/wp\/v2\/posts\/3123\/revisions\/3125"}],"wp:featuredmedia":[{"embeddable":true,"href":"https:\/\/isp2-sfe.infd.edu.ar\/sitio\/wp-json\/wp\/v2\/media\/3124"}],"wp:attachment":[{"href":"https:\/\/isp2-sfe.infd.edu.ar\/sitio\/wp-json\/wp\/v2\/media?parent=3123"}],"wp:term":[{"taxonomy":"category","embeddable":true,"href":"https:\/\/isp2-sfe.infd.edu.ar\/sitio\/wp-json\/wp\/v2\/categories?post=3123"},{"taxonomy":"post_tag","embeddable":true,"href":"https:\/\/isp2-sfe.infd.edu.ar\/sitio\/wp-json\/wp\/v2\/tags?post=3123"}],"curies":[{"name":"wp","href":"https:\/\/api.w.org\/{rel}","templated":true}]}}