{"id":1796,"date":"2014-06-27T00:00:00","date_gmt":"2014-06-27T00:00:00","guid":{"rendered":"https:\/\/isp2-sfe.infd.edu.ar\/sitio\/atencion-profesores\/"},"modified":"2014-06-27T00:00:00","modified_gmt":"2014-06-27T00:00:00","slug":"atencion-profesores","status":"publish","type":"post","link":"https:\/\/isp2-sfe.infd.edu.ar\/sitio\/atencion-profesores\/","title":{"rendered":"Atenci\u00f3n profesores!"},"content":{"rendered":"<p class=\"sitio_noticia_volanta\" >\n<h3>Atenci\u00f3n profesores!<\/h3>\n<p class=\"sitio_noticia_copete\" >Desde el 10 hasta el 30 de junio, se encuentra abierta la inscripci\u00f3n de docentes que aspiren a cursar la Cuarta Cohorte del \u0093Profesorado de Educaci\u00f3n Secundaria de la modalidad T\u00e9cnico Profesional en concurrencia con el t\u00edtulo de base\u00bb. Res. CFE 63\/08 \u0096 Res. 783\/10.<\/p>\n<hr class=\"sitio_noticia_contenido\" \/>\n<p >\n<p style=\"text-align: justify;\"><span style=\"font-size: 10pt;\">Desde el 10 hasta el 30 de junio, se encuentra abierta la inscripci&oacute;n de docentes que aspiren a cursar la Cuarta Cohorte del<strong>&nbsp;&ldquo;Profesorado de Educaci&oacute;n Secundaria de la modalidad T&eacute;cnico Profesional en concurrencia con el t&iacute;tulo de base\u00bb. Res. CFE 63\/08 &ndash; Res. 783\/10.<\/strong><\/span><br \/><span style=\"font-size: 10pt;\">Este Profesorado tiene por finalidad la formaci&oacute;n pedag&oacute;gica general, actualizaci&oacute;n cient&iacute;fico tecnol&oacute;gica y formaci&oacute;n espec&iacute;fica para la pr&aacute;ctica profesional de docentes en ejercicio en instituciones de la modalidad t&eacute;cnico profesional (escuelas t&eacute;cnicas de nivel secundario, institutos t&eacute;cnicos superiores, centros de capacitaci&oacute;n laboral, centros de formaci&oacute;n profesional y centros de educaci&oacute;n agropecuaria), que cuentan con t&iacute;tulo t&eacute;cnico de base de nivel secundario, superior no universitario (mayor a 1600 horas) o de grado universitario, af&iacute;n a las especialidades de la Educaci&oacute;n T&eacute;cnico Profesional (ETP). El mismo se dictar&aacute; en la ciudad de Santa Fe.<\/span><\/p>\n<p><span style=\"font-size: 10pt;\"><strong>M&aacute;s informaci&oacute;n en el siguiente link:<\/strong><\/span><\/p>\n<p><span style=\"font-size: 10pt;\"><a href=\"http:\/\/www.santafe.gov.ar\/index.php\/educacion\/guia\/get_tree_by_node?node_id=181401\" target=\"_blank\">http:\/\/www.santafe.gov.ar\/index.php\/educacion\/guia\/get_tree_by_node?node_id=181401<\/a><\/span><\/p><\/p>\n","protected":false},"excerpt":{"rendered":"<p>Atenci\u00f3n profesores! Desde el 10 hasta el 30 de junio, se encuentra abierta la inscripci\u00f3n de docentes que aspiren a cursar la Cuarta Cohorte del \u0093Profesorado de Educaci\u00f3n Secundaria de la modalidad T\u00e9cnico Profesional en concurrencia con el t\u00edtulo de base\u00bb. Res. CFE 63\/08 \u0096 Res. 783\/10. Desde el 10 hasta el 30 de junio, &#8230; <a title=\"Atenci\u00f3n profesores!\" class=\"read-more\" href=\"https:\/\/isp2-sfe.infd.edu.ar\/sitio\/atencion-profesores\/\" aria-label=\"More on Atenci\u00f3n profesores!\">[+]<\/a><\/p>\n","protected":false},"author":3998,"featured_media":0,"comment_status":"open","ping_status":"open","sticky":false,"template":"","format":"standard","meta":[],"categories":[7,6],"tags":[],"acf":[],"_links":{"self":[{"href":"https:\/\/isp2-sfe.infd.edu.ar\/sitio\/wp-json\/wp\/v2\/posts\/1796"}],"collection":[{"href":"https:\/\/isp2-sfe.infd.edu.ar\/sitio\/wp-json\/wp\/v2\/posts"}],"about":[{"href":"https:\/\/isp2-sfe.infd.edu.ar\/sitio\/wp-json\/wp\/v2\/types\/post"}],"author":[{"embeddable":true,"href":"https:\/\/isp2-sfe.infd.edu.ar\/sitio\/wp-json\/wp\/v2\/users\/3998"}],"replies":[{"embeddable":true,"href":"https:\/\/isp2-sfe.infd.edu.ar\/sitio\/wp-json\/wp\/v2\/comments?post=1796"}],"version-history":[{"count":0,"href":"https:\/\/isp2-sfe.infd.edu.ar\/sitio\/wp-json\/wp\/v2\/posts\/1796\/revisions"}],"wp:attachment":[{"href":"https:\/\/isp2-sfe.infd.edu.ar\/sitio\/wp-json\/wp\/v2\/media?parent=1796"}],"wp:term":[{"taxonomy":"category","embeddable":true,"href":"https:\/\/isp2-sfe.infd.edu.ar\/sitio\/wp-json\/wp\/v2\/categories?post=1796"},{"taxonomy":"post_tag","embeddable":true,"href":"https:\/\/isp2-sfe.infd.edu.ar\/sitio\/wp-json\/wp\/v2\/tags?post=1796"}],"curies":[{"name":"wp","href":"https:\/\/api.w.org\/{rel}","templated":true}]}}