{"id":1795,"date":"2014-06-24T00:00:00","date_gmt":"2014-06-24T00:00:00","guid":{"rendered":"https:\/\/isp2-sfe.infd.edu.ar\/sitio\/el-pedagogo-carlos-skliar-ofrecio-conferencia-en-el-cine-teatro-belgrano\/"},"modified":"2014-06-24T00:00:00","modified_gmt":"2014-06-24T00:00:00","slug":"el-pedagogo-carlos-skliar-ofrecio-conferencia-en-el-cine-teatro-belgrano","status":"publish","type":"post","link":"https:\/\/isp2-sfe.infd.edu.ar\/sitio\/el-pedagogo-carlos-skliar-ofrecio-conferencia-en-el-cine-teatro-belgrano\/","title":{"rendered":"El pedagogo Carlos Skliar ofreci\u00f3 conferencia en el Cine Teatro Belgrano"},"content":{"rendered":"<p class=\"sitio_noticia_volanta\" >\n<h3>El pedagogo Carlos Skliar ofreci\u00f3 conferencia en el Cine Teatro Belgrano<\/h3>\n<p class=\"sitio_noticia_copete\" >Dentro de los actos de festejo por los 50 a\u00f1os de nuestro Instituto y con la organizaci\u00f3n de la Secretar\u00eda de Educaci\u00f3n del municipio, el pedagogo Carlos Skliar ofreci\u00f3 una conferencia en el Cine Teatro Belgrano. <\/p>\n<hr class=\"sitio_noticia_contenido\" \/>\n<p >\n<div>\n<div><span style=\"font-size: 10pt;\"><img decoding=\"async\" title=\"\" src=\"https:\/\/isp2-sfe.infd.edu.ar\/sitio\/wp-content\/uploads\/2018\/08\/Skliar_2.jpg\" border=\"0\" alt=\"\"><\/span><\/div>\n<div style=\"text-align: justify;\"><span style=\"font-size: 10pt;\">En el marco de los festejos por los 50 a&ntilde;os de la creaci&oacute;n del Instituto Superior del Profesorado N&ordm; 2 \u00abJoaqu&iacute;n V. Gonz&aacute;lez\u00bb, la Secretar&iacute;a de Educaci&oacute;n de la Municipalidad de Rafaela, organiz&oacute; el jueves pasado la charla: \u00abPedagog&iacute;as de la Diferencia\u00bb, a cargo de Carlos Skliar.&nbsp;<\/span><\/div>\n<div style=\"text-align: justify;\"><span style=\"font-size: 10pt;\" data-mce-mark=\"1\">Ante un auditorio colmado, Skliar abord&oacute; una problem&aacute;tica tan vigente que alude a la revisi&oacute;n de las pr&aacute;cticas respecto de la diversidad, la inclusi&oacute;n, especialmente la igualdad en el &aacute;mbito educativo. La presencia de Carlos Skliar en la ciudad se concret&oacute; en dos instancias: un encuentro exclusivo con los profesores del programa municipal y la conferencia abierta al p&uacute;blico.<\/span><\/div>\n<div><span style=\"font-size: 10pt;\" data-mce-mark=\"1\"><img decoding=\"async\" loading=\"lazy\" title=\"\" src=\"https:\/\/isp2-sfe.infd.edu.ar\/sitio\/wp-content\/uploads\/2018\/08\/Skliardisertante_2.jpg\" border=\"0\" alt=\"\" width=\"504\" height=\"343\"><\/span><\/div>\n<div style=\"text-align: justify;\"><span style=\"font-size: 8pt; color: #888888;\" data-mce-mark=\"1\">Skliar es doctor en Fonolog&iacute;a, Especialidad en Problemas de la Comunicaci&oacute;n Humana. Estudios de Pos-doctorado en Educaci&oacute;n por la Universidad de Barcelona, Espa&ntilde;a.&nbsp;Actualmente se desempe&ntilde;a como Investigador Independiente del Consejo Nacional de Investigaciones Cient&iacute;ficas y Tecnol&oacute;gicas de Argentina, CONICET, como investigador del &aacute;rea de educaci&oacute;n de FLACSO, Argentina, donde coordina el proyecto &ldquo;Pedagog&iacute;as de las diferencias&rdquo;, con Nuria P&eacute;rez de Lara, de la Universidad de Barcelona y como docente en la Maestr&iacute;a en Comunicaci&oacute;n y Cultura de la Universidad de Buenos Aires.&nbsp;<\/span><\/div>\n<p><span style=\"font-size: 10pt;\">&nbsp;<\/span><\/p>\n<\/div>\n","protected":false},"excerpt":{"rendered":"<p>El pedagogo Carlos Skliar ofreci\u00f3 conferencia en el Cine Teatro Belgrano Dentro de los actos de festejo por los 50 a\u00f1os de nuestro Instituto y con la organizaci\u00f3n de la Secretar\u00eda de Educaci\u00f3n del municipio, el pedagogo Carlos Skliar ofreci\u00f3 una conferencia en el Cine Teatro Belgrano. En el marco de los festejos por los &#8230; <a title=\"El pedagogo Carlos Skliar ofreci\u00f3 conferencia en el Cine Teatro Belgrano\" class=\"read-more\" href=\"https:\/\/isp2-sfe.infd.edu.ar\/sitio\/el-pedagogo-carlos-skliar-ofrecio-conferencia-en-el-cine-teatro-belgrano\/\" aria-label=\"More on El pedagogo Carlos Skliar ofreci\u00f3 conferencia en el Cine Teatro Belgrano\">[+]<\/a><\/p>\n","protected":false},"author":3998,"featured_media":0,"comment_status":"open","ping_status":"open","sticky":false,"template":"","format":"standard","meta":[],"categories":[7,6],"tags":[],"acf":[],"_links":{"self":[{"href":"https:\/\/isp2-sfe.infd.edu.ar\/sitio\/wp-json\/wp\/v2\/posts\/1795"}],"collection":[{"href":"https:\/\/isp2-sfe.infd.edu.ar\/sitio\/wp-json\/wp\/v2\/posts"}],"about":[{"href":"https:\/\/isp2-sfe.infd.edu.ar\/sitio\/wp-json\/wp\/v2\/types\/post"}],"author":[{"embeddable":true,"href":"https:\/\/isp2-sfe.infd.edu.ar\/sitio\/wp-json\/wp\/v2\/users\/3998"}],"replies":[{"embeddable":true,"href":"https:\/\/isp2-sfe.infd.edu.ar\/sitio\/wp-json\/wp\/v2\/comments?post=1795"}],"version-history":[{"count":0,"href":"https:\/\/isp2-sfe.infd.edu.ar\/sitio\/wp-json\/wp\/v2\/posts\/1795\/revisions"}],"wp:attachment":[{"href":"https:\/\/isp2-sfe.infd.edu.ar\/sitio\/wp-json\/wp\/v2\/media?parent=1795"}],"wp:term":[{"taxonomy":"category","embeddable":true,"href":"https:\/\/isp2-sfe.infd.edu.ar\/sitio\/wp-json\/wp\/v2\/categories?post=1795"},{"taxonomy":"post_tag","embeddable":true,"href":"https:\/\/isp2-sfe.infd.edu.ar\/sitio\/wp-json\/wp\/v2\/tags?post=1795"}],"curies":[{"name":"wp","href":"https:\/\/api.w.org\/{rel}","templated":true}]}}