{"id":1765,"date":"2013-12-09T00:00:00","date_gmt":"2013-12-09T00:00:00","guid":{"rendered":"https:\/\/isp2-sfe.infd.edu.ar\/sitio\/educacion-las-razones-de-la-caida-y-los-caminos-para-mejorar\/"},"modified":"2013-12-09T00:00:00","modified_gmt":"2013-12-09T00:00:00","slug":"educacion-las-razones-de-la-caida-y-los-caminos-para-mejorar","status":"publish","type":"post","link":"https:\/\/isp2-sfe.infd.edu.ar\/sitio\/educacion-las-razones-de-la-caida-y-los-caminos-para-mejorar\/","title":{"rendered":"Educaci\u00f3n: las razones de la ca\u00edda y los caminos para mejorar"},"content":{"rendered":"<p class=\"sitio_noticia_volanta\" >\n<h3>Educaci\u00f3n: las razones de la ca\u00edda y los caminos para mejorar<\/h3>\n<p class=\"sitio_noticia_copete\" >M\u00e1s horas de clases, evaluar a los docentes y reducir el ausentismo son temas urgentes para los expertos<\/p>\n<hr class=\"sitio_noticia_contenido\" \/>\n<p >\n<h1><span style=\"font-size: 10px;\">Por&nbsp;<\/span><a style=\"font-size: 10px;\" title=\"Ver todas las notas de Mar&iacute;a Elena Polack\" rel=\"author,up\" href=\"http:\/\/www.lanacion.com.ar\/autor\/maria-elena-polack-4228\"><strong>Mar&iacute;a Elena Polack<\/strong><\/a><span style=\"font-size: 10px;\">&nbsp;&nbsp;<\/span><span style=\"font-size: 10px;\">|<\/span><span style=\"font-size: 10px;\">&nbsp;<\/span><span style=\"font-size: 10px;\">LA NACION<\/span><\/p>\n<div class=\"herramientasFuncion\"><a class=\"imprimir\" title=\"Imprimir\">&nbsp;<\/a><a class=\"enviar\" title=\"Enviar\">&nbsp;<\/a><a class=\"aumentar\" title=\"Aumentar\">&nbsp;<\/a><a class=\"reducir\" title=\"Reducir\">&nbsp;<\/a><\/div>\n<div class=\"foto\"><a><img decoding=\"async\" src=\"http:\/\/bucket2.clanacion.com.ar\/anexos\/fotos\/11\/educacion-1809311w300.jpg\" border=\"0\"><span class=\"ampliar-foto\" title=\"Ampliar imagen\">&nbsp;<\/span><\/a>Foto:&nbsp;Ilustraci&oacute;n Pablo G. Feliz<\/div>\n<p><\/p>\n<div class=\"fin\">&nbsp;<\/div>\n<p class=\"primero\" style=\"text-align: justify;\">Siete&nbsp;<a class=\"toi-110\" href=\"http:\/\/www.lanacion.com.ar\/1644417-la-argentina-continua-entre-los-paises-con-peor-calidad-educativa-del-mundo\" target=\"_blank\">millones de argentinos<\/a>&nbsp;no terminaron el nivel secundario. La jornada completa se cumple en el 5,6% de las escuelas primarias del pa&iacute;s, aunque la ley preve&iacute;a el 30% para 2010. De cada 100 egresados del nivel medio, s&oacute;lo 29 concluyen una carrera universitaria. No hay cifras oficiales de ausentismo docente, pero se estima que ronda el 20% anual.<\/p>\n<p style=\"text-align: justify;\">Con esos n&uacute;meros alcanza para comprender por qu&eacute; nos va mal en la educaci&oacute;n como confirman&nbsp;<a class=\"toi-89\" href=\"http:\/\/www.lanacion.com.ar\/1645067-el-estado-de-la-educacion-tambien-revelado-en-las-pisa\" target=\"_blank\">evaluaciones internacionales, como PISA<\/a>, que ubican a nuestro pa&iacute;s en el fondo de un ranking de 65 pa&iacute;ses por la escasa comprensi&oacute;n en matem&aacute;tica, lengua y ciencia que tienen los adolescentes de 15 a&ntilde;os.<\/p>\n<p style=\"text-align: justify;\">Mientras buena parte de la dirigencia pol&iacute;tica no toca el tema (el archivo de la &uacute;ltima campa&ntilde;a no miente) y los gremios no sienten como propios los fracasos, especialistas en educaci&oacute;n plantean distintos aspectos para comenzar a mejorar.<\/p>\n<p style=\"text-align: justify;\">Al menos podr&iacute;an bocetarse cinco medidas para comenzar a frenar las malas notas y las frustraciones: Escolaridad desde los 3 a&ntilde;os de edad, m&aacute;s horas de clase, carrera universitaria y jerarquizaci&oacute;n de la profesi&oacute;n docente, evaluaciones sistem&aacute;ticas y un instituto de calidad educativa para dise&ntilde;ar pol&iacute;ticas a largo plazo.<\/p>\n<p style=\"text-align: justify;\">\u00abLa &uacute;nica manera de saber que algo fue aprendido es con una evaluaci&oacute;n\u00bb, afirma a LA NACION Guillermina Tiramonti, especialista en educaci&oacute;n de Flacso. Y advierte: \u00abTiene que haber un sentido del bien educativo por sobre los intereses corporativos\u00bb.<\/p>\n<p style=\"text-align: justify;\">\u00abHay que insistir en las evaluaciones, hay que evaluar de forma m&aacute;s integral, establecer metas. No hay que hacer r&aacute;nkings, sino identificar las escuelas que tienen problemas para buscar las soluciones\u00bb, a&ntilde;ade Tiramonti.<\/p>\n<p style=\"text-align: justify;\">Para el director del Centro de Estudios de Educaci&oacute;n de la Universidad de Belgrano, Alieto Guadagni, \u00abhay que jerarquizar la carrera docente\u00bb y pone como ejemplo lo que sucede en Finlandia y en Ecuador. \u00abLos mejores estudiantes secundarios tienen que seguir la carrera de maestros\u00bb y no soslaya que \u00ablos docentes deben ser los funcionarios mejores pagos porque debe jerarquizarse la carrera\u00bb. En Ecuador, para cursar la carrera docente, se deben obtener 800 puntos para ingresar en la universidad; para ser ingeniero basta con 500.<\/p>\n<p style=\"text-align: justify;\">Guadagni tambi&eacute;n consigna la necesidad de que la escuela tenga \u00abmayor autonom&iacute;a en la gesti&oacute;n para alcanzar un mejor desempe&ntilde;o\u00bb. En ese sentido, para Tiramonti es \u00abfundamental que los docentes sean nombrados por cargos y que puedan conformarse equipos de trabajo para poder procesar la complejidad del aprendizaje\u00bb.<\/p>\n<p style=\"text-align: justify;\">El ex ministro de Educaci&oacute;n Juan Jos&eacute; Llach insta a que \u00ablos mejores maestros y profesores ense&ntilde;en en las zonas m&aacute;s necesitadas\u00bb. A su criterio, hay que \u00abconcentrar las horas c&aacute;tedra secundarias en, a lo sumo, dos instituciones, para integrar equipos\u00bb y \u00abpremiar a todas las escuelas que mejoran sus resultados\u00bb.<\/p>\n<p style=\"text-align: justify;\">El presidente de la Asociaci&oacute;n Proyecto Educar 2050, Manuel &Aacute;lvarez Trong&eacute;, afirma: \u00abUn director acompa&ntilde;ado, con formaci&oacute;n en gesti&oacute;n, liderazgo y nuevas tecnolog&iacute;as cambia una escuela y conforma un ciclo virtuoso. El buen director hace equipo con sus docentes y los estimula a trabajar en red\u00bb. Y plantea: \u00abDebi&eacute;ramos comenzar por hacer una campa&ntilde;a de emergencia en las cinco mil escuelas ubicadas en las zonas m&aacute;s desfavorecidas del pa&iacute;s y a esas escuelas darles los mejores maestros, la mejor infraestructura y la mejor tecnolog&iacute;a y recursos\u00bb.<\/p>\n<p style=\"text-align: justify;\">En busca de explicaciones sobre el desequilibrio en el aprendizaje, el ministro de Educaci&oacute;n de la Ciudad, Esteban Bullrich mira el dato que aporta PISA sobre el mejor rendimiento que tienen los chicos que tienen m&aacute;s de un a&ntilde;o de escolaridad previa al nivel obligatorio que, en la Argentina es el preescolar (5 a&ntilde;os).<\/p>\n<p style=\"text-align: justify;\">Por eso, anunci&oacute; esta &uacute;ltima semana el objetivo de cubrir el 100 por ciento de las vacantes de tres a&ntilde;os de aqu&iacute; a 2015. Para Florencia Daura, de la Escuela de Educaci&oacute;n de la Universidad Austral, una de las primeras medidas es mejorar la formaci&oacute;n docente: \u00abEn su contenido, en su motivaci&oacute;n, en el manejo de situaciones disruptivas (como el&nbsp;<em>bullying&nbsp;<\/em>) y en el v&iacute;nculo con los padres de los alumnos\u00bb.<\/p>\n<p style=\"text-align: justify;\">Daura advierte que \u00abla familia est&aacute; dejando de ser la primera instancia socializadora del ni&ntilde;o, que no se reconoce como la autoridad y el l&iacute;mite\u00bb y por esa raz&oacute;n \u00abla realidad social impacta en la situaci&oacute;n educativa\u00bb.<\/p>\n<p style=\"text-align: justify;\">El tiempo de clases tambi&eacute;n es una cuesti&oacute;n clave: para Bullrich sumar al menos dos horas de clase por d&iacute;a hasta cubrir el doble turno permitir&iacute;a contar con 360 horas m&aacute;s por a&ntilde;o sin modificar las 190 jornadas actuales.<\/p>\n<p style=\"text-align: justify;\">El silencio de quienes manejan la educaci&oacute;n argentina, los gobernadores, no deja de sorprender a los especialistas. Es que los gobernadores no se manifiestan preocupados por los malos resultados en las evaluaciones, aunque manejan los presupuestos escolares en sus distritos. Guadagni entiende que es necesaria la reformulaci&oacute;n de la ley de coparticipaci&oacute;n para que se pueda \u00abpremiar\u00bb a las provincias que mejoren la educaci&oacute;n cuantitativa y cualitativamente. \u00abLos gobernadores no se dieron por enterados de los resultados de PISA\u00bb, se&ntilde;ala con preocupaci&oacute;n.<\/p>\n<p style=\"text-align: justify;\">\u00abLo primero de lo primero: que los 25 gobiernos (Naci&oacute;n y provincias) reconozcan la realidad, como lo han hecho Uruguay y Finlandia y aqu&iacute; s&oacute;lo la Ciudad de Buenos Aires, hasta ahora. Hoy el Gobierno nacional niega que haya un problema: as&iacute; es imposible mejorar la calidad\u00bb, resume el economista y soci&oacute;logo Llach.<\/p>\n<p style=\"text-align: justify;\">Amplios consensos, pol&iacute;ticas a largo plazo que trasciendan per&iacute;odos gubernamentales y debates sobre los intereses corporativos son las razones por las cuales se considera valiosa la existencia de un Instituto de Calidad Educativa. Iniciativas similares a la que impulsa la Ciudad de Buenos Aires funcionan hace tiempo en Holanda, Australia, los Estados Unidos, Chile, Uruguay, Espa&ntilde;a, M&eacute;xico y Brasil. En la Argentina comenz&oacute; a funcionar un ente parecido a fines de 1999, pero fue derogado por decreto en 2002.<span class=\"fin\">.<\/span><\/p>\n<\/h1>\n<div class=\"sitio_noticia_url\">\n                            M\u00c3\u00a1s informaci\u00c3\u00b3n:<br \/>\n                            <a href=\"http:\/\/\" target=\"new_\"><\/p>\n<p>                            <\/a>\n                        <\/div>\n","protected":false},"excerpt":{"rendered":"<p>Educaci\u00f3n: las razones de la ca\u00edda y los caminos para mejorar M\u00e1s horas de clases, evaluar a los docentes y reducir el ausentismo son temas urgentes para los expertos Por&nbsp;Mar&iacute;a Elena Polack&nbsp;&nbsp;|&nbsp;LA NACION &nbsp;&nbsp;&nbsp;&nbsp; &nbsp;Foto:&nbsp;Ilustraci&oacute;n Pablo G. Feliz &nbsp; Siete&nbsp;millones de argentinos&nbsp;no terminaron el nivel secundario. La jornada completa se cumple en el 5,6% de &#8230; <a title=\"Educaci\u00f3n: las razones de la ca\u00edda y los caminos para mejorar\" class=\"read-more\" href=\"https:\/\/isp2-sfe.infd.edu.ar\/sitio\/educacion-las-razones-de-la-caida-y-los-caminos-para-mejorar\/\" aria-label=\"More on Educaci\u00f3n: las razones de la ca\u00edda y los caminos para mejorar\">[+]<\/a><\/p>\n","protected":false},"author":3998,"featured_media":0,"comment_status":"open","ping_status":"open","sticky":false,"template":"","format":"standard","meta":[],"categories":[7,6],"tags":[],"acf":[],"_links":{"self":[{"href":"https:\/\/isp2-sfe.infd.edu.ar\/sitio\/wp-json\/wp\/v2\/posts\/1765"}],"collection":[{"href":"https:\/\/isp2-sfe.infd.edu.ar\/sitio\/wp-json\/wp\/v2\/posts"}],"about":[{"href":"https:\/\/isp2-sfe.infd.edu.ar\/sitio\/wp-json\/wp\/v2\/types\/post"}],"author":[{"embeddable":true,"href":"https:\/\/isp2-sfe.infd.edu.ar\/sitio\/wp-json\/wp\/v2\/users\/3998"}],"replies":[{"embeddable":true,"href":"https:\/\/isp2-sfe.infd.edu.ar\/sitio\/wp-json\/wp\/v2\/comments?post=1765"}],"version-history":[{"count":0,"href":"https:\/\/isp2-sfe.infd.edu.ar\/sitio\/wp-json\/wp\/v2\/posts\/1765\/revisions"}],"wp:attachment":[{"href":"https:\/\/isp2-sfe.infd.edu.ar\/sitio\/wp-json\/wp\/v2\/media?parent=1765"}],"wp:term":[{"taxonomy":"category","embeddable":true,"href":"https:\/\/isp2-sfe.infd.edu.ar\/sitio\/wp-json\/wp\/v2\/categories?post=1765"},{"taxonomy":"post_tag","embeddable":true,"href":"https:\/\/isp2-sfe.infd.edu.ar\/sitio\/wp-json\/wp\/v2\/tags?post=1765"}],"curies":[{"name":"wp","href":"https:\/\/api.w.org\/{rel}","templated":true}]}}