{"id":1762,"date":"2013-12-06T00:00:00","date_gmt":"2013-12-06T00:00:00","guid":{"rendered":"https:\/\/isp2-sfe.infd.edu.ar\/sitio\/el-estado-de-la-educacion-tambien-revelado-en-las-pisa\/"},"modified":"2013-12-06T00:00:00","modified_gmt":"2013-12-06T00:00:00","slug":"el-estado-de-la-educacion-tambien-revelado-en-las-pisa","status":"publish","type":"post","link":"https:\/\/isp2-sfe.infd.edu.ar\/sitio\/el-estado-de-la-educacion-tambien-revelado-en-las-pisa\/","title":{"rendered":"El estado de la educaci\u00f3n, tambi\u00e9n revelado en las PISA"},"content":{"rendered":"<p class=\"sitio_noticia_volanta\" >\n<h3>El estado de la educaci\u00f3n, tambi\u00e9n revelado en las PISA<\/h3>\n<p class=\"sitio_noticia_copete\" >La Argentina contin\u00faa entre los pa\u00edses con peor calidad educativa del mundo, y las culpas sobre las fallas abarcan a todos los protagonistas del proceso<\/p>\n<hr class=\"sitio_noticia_contenido\" \/>\n<p >\n<h1><a class=\"aumentar\" style=\"font-size: 10px;\" title=\"Aumentar\">&nbsp;<\/a><a class=\"reducir\" style=\"font-size: 10px;\" title=\"Reducir\">&nbsp;<\/a><\/p>\n<p class=\"primero\" style=\"text-align: justify;\"><a class=\"toi-127\" href=\"http:\/\/www.lanacion.com.ar\/1644167-mala-nota-para-la-argentina-en-el-informe-pisa-la-evaluacion-internacional-a-estudiantes-sec\" target=\"_blank\">Una vez m&aacute;s, los argentinos podemos comprobar con tristeza,<\/a>&nbsp;frustraci&oacute;n y preocupaci&oacute;n crecientes que el nivel de calidad educativa en nuestro pa&iacute;s sigue retrocediendo, ahora seg&uacute;n los resultados que la Argentina obtuvo en la &uacute;ltima prueba PISA, conocidos esta semana.<\/p>\n<p style=\"text-align: justify;\">El Programa de Evaluaci&oacute;n Internacional de Estudiantes (PISA, por sus siglas en ingl&eacute;s), promovido por la Organizaci&oacute;n para la Cooperaci&oacute;n y el Desarrollo Econ&oacute;mico (OCDE), es un serio y respetado instrumento de medici&oacute;n que se aplica cada tres a&ntilde;os, a fin de establecer el nivel de los aprendizajes alcanzados por alumnos de 15 a&ntilde;os pertenecientes a distintos pa&iacute;ses o ciudades del mundo. Los resultados permiten elaborar un ranking en funci&oacute;n de los puntajes obtenidos por los estudiantes en tres &aacute;reas del conocimiento y habilidades del aprendizaje: matem&aacute;tica, comprensi&oacute;n de la lectura y ciencias. La correcta interpretaci&oacute;n del sentido de la prueba PISA trasciende al ranking internacional, aunque &eacute;ste por s&iacute; mismo genere un impacto. Importa y mucho la informaci&oacute;n que se desprende sobre el estado de la ense&ntilde;anza media, su nivel actual y las demandas l&oacute;gicas con relaci&oacute;n al futuro de la escuela secundaria.<\/p>\n<p style=\"text-align: justify;\">El actual informe corresponde a las pruebas tomadas en 2012 a 5900 alumnos argentinos, dentro de un universo total de 510.000. El puntaje promedio obtenido por nuestros adolescentes (388) los ubica en el puesto 59&ordm;, lo que supone un descenso continuado desde el a&ntilde;o 2000, cuando alcanz&oacute; el puesto 35&ordm;, para luego declinar: en 2006, 51&ordm;; en 2009, 58&ordm;, vale decir, uno de los &uacute;ltimos puestos entre los alumnos de 65 ciudades y pa&iacute;ses que concursaron. Diferenciado por temas, el promedio de la Argentina es de 406 en ciencias, 396 en lengua y 388 en matem&aacute;tica.<\/p>\n<p style=\"text-align: justify;\">Debe se&ntilde;alarse que, en ese declive de los rendimientos, los n&uacute;meros obtenidos por los estudiantes de la Capital Federal fueron un poco mejor que los de la Argentina, pero no alcanzan para frenar la ca&iacute;da constante en el ranking. En la ciudad de Buenos Aires, el promedio fue: 418 en matem&aacute;ticas, 429 en lengua y 425 en ciencia.<\/p>\n<p style=\"text-align: justify;\">Los ocho pa&iacute;ses sudamericanos que participaron quedaron todos entre los &uacute;ltimos puestos. Chile, el mejor entre los participantes de Am&eacute;rica latina evaluados, qued&oacute; en el puesto 51&ordm;, y Per&uacute;, en el 65&ordm;, es decir, &uacute;ltimo en la tabla mundial.<\/p>\n<p style=\"text-align: justify;\">Duele, sin duda, la constancia objetiva de un declive continuado en la calidad de nuestra ense&ntilde;anza, pero ya no sorprende, porque hace tiempo que se vienen manifestando fallas y problemas que no han encontrado respuesta apropiada para su correcci&oacute;n. En ese conjunto de aspectos negativos podemos incluir los promedios de bajas calificaciones que, seg&uacute;n las estimaciones del Ministerio de Educaci&oacute;n, el a&ntilde;o pasado afectaban al 45 por ciento de los estudiantes. Sabido es que ese pobre rendimiento se encadena luego con un alto n&uacute;mero de repetidores y futuros desertores del sistema. Tan dura realidad se vincula con el crecimiento de la pobreza y la indigencia que han ahondado las brechas de desigualdad social que repercuten en el comportamiento de los alumnos, para quienes el principio de la igualdad de oportunidades es un enunciado vac&iacute;o de verdad. Puede sumarse a esa consideraci&oacute;n el hecho del avance de la matriculaci&oacute;n en la escuela privada sobre la escuela p&uacute;blica, signo evidente de una opci&oacute;n determinada por una baja en la calidad y regularidad de los cursos en numerosos establecimientos estatales.<\/p>\n<p style=\"text-align: justify;\">En esa decepci&oacute;n por la escuela oficial -tan apreciada en el pasado aqu&iacute; y en el exterior? ha gravitado la frecuencia de las huelgas docentes, movidas por reclamos salariales en especial. Esas rupturas del ritmo de trabajo escolar y la p&eacute;rdida de jornadas de clase han perjudicado no s&oacute;lo el curso de la ense&ntilde;anza y la consolidaci&oacute;n de los aprendizajes, sino tambi&eacute;n la motivaci&oacute;n de los adolescentes por el estudio, que se resiente con la ruptura de un ritmo de trabajo.<\/p>\n<p style=\"text-align: justify;\">Lo enunciado no alude a males desconocidos, lo que ocurre es que no se corrigen. En esa realidad decadente, las medidas positivas se diluyen, como ocurri&oacute; con el mejor financiamiento de la educaci&oacute;n de 2005 que no gener&oacute; los avances esperados, ni tampoco los logr&oacute; la reforma educativa que impuso la ley sancionada en 1993, que concluy&oacute; en un fracaso, en tanto que la ley nacional 26.206\/06, que actualmente rige, es un programa por cumplir todav&iacute;a no concluso.<\/p>\n<p style=\"text-align: justify;\">El an&aacute;lisis de la situaci&oacute;n actual conduce a diversas consecuencias. Las culpas sobre las fallas de nuestro sistema no dejan inocentes. Las autoridades que la planean y dirigen, los docentes que enfrentan la labor de ponerla en marcha y hacerla productiva en aprendizajes, los padres que deben estar aliados a la escuela para alentar a sus hijos al estudio, la comunidad educativa que tiene la misi&oacute;n de acompa&ntilde;ar y ser &uacute;til al funcionamiento escolar, los alumnos cuyos ojos han de abrirse para comprender lo que la escuela puede dar en t&eacute;rminos de presente y futuro y, por fin, la sociedad argentina y su misi&oacute;n de promover la escuela con inteligencia y tenacidad: todos estamos comprometidos y nos corresponde asumir que, tanto los &eacute;xitos como los fracasos educativos, tienen mucho m&aacute;s de un responsable. Si no hay conciencia de ello, persistiremos en la frustraci&oacute;n.<span class=\"fin\">.<\/span><\/p>\n<\/h1>\n<div class=\"sitio_noticia_url\">\n                            M\u00c3\u00a1s informaci\u00c3\u00b3n:<br \/>\n                            <a href=\"http:\/\/\" target=\"new_\"><\/p>\n<p>                            <\/a>\n                        <\/div>\n","protected":false},"excerpt":{"rendered":"<p>El estado de la educaci\u00f3n, tambi\u00e9n revelado en las PISA La Argentina contin\u00faa entre los pa\u00edses con peor calidad educativa del mundo, y las culpas sobre las fallas abarcan a todos los protagonistas del proceso &nbsp;&nbsp; Una vez m&aacute;s, los argentinos podemos comprobar con tristeza,&nbsp;frustraci&oacute;n y preocupaci&oacute;n crecientes que el nivel de calidad educativa en &#8230; <a title=\"El estado de la educaci\u00f3n, tambi\u00e9n revelado en las PISA\" class=\"read-more\" href=\"https:\/\/isp2-sfe.infd.edu.ar\/sitio\/el-estado-de-la-educacion-tambien-revelado-en-las-pisa\/\" aria-label=\"More on El estado de la educaci\u00f3n, tambi\u00e9n revelado en las PISA\">[+]<\/a><\/p>\n","protected":false},"author":3998,"featured_media":0,"comment_status":"open","ping_status":"open","sticky":false,"template":"","format":"standard","meta":[],"categories":[7,6],"tags":[],"acf":[],"_links":{"self":[{"href":"https:\/\/isp2-sfe.infd.edu.ar\/sitio\/wp-json\/wp\/v2\/posts\/1762"}],"collection":[{"href":"https:\/\/isp2-sfe.infd.edu.ar\/sitio\/wp-json\/wp\/v2\/posts"}],"about":[{"href":"https:\/\/isp2-sfe.infd.edu.ar\/sitio\/wp-json\/wp\/v2\/types\/post"}],"author":[{"embeddable":true,"href":"https:\/\/isp2-sfe.infd.edu.ar\/sitio\/wp-json\/wp\/v2\/users\/3998"}],"replies":[{"embeddable":true,"href":"https:\/\/isp2-sfe.infd.edu.ar\/sitio\/wp-json\/wp\/v2\/comments?post=1762"}],"version-history":[{"count":0,"href":"https:\/\/isp2-sfe.infd.edu.ar\/sitio\/wp-json\/wp\/v2\/posts\/1762\/revisions"}],"wp:attachment":[{"href":"https:\/\/isp2-sfe.infd.edu.ar\/sitio\/wp-json\/wp\/v2\/media?parent=1762"}],"wp:term":[{"taxonomy":"category","embeddable":true,"href":"https:\/\/isp2-sfe.infd.edu.ar\/sitio\/wp-json\/wp\/v2\/categories?post=1762"},{"taxonomy":"post_tag","embeddable":true,"href":"https:\/\/isp2-sfe.infd.edu.ar\/sitio\/wp-json\/wp\/v2\/tags?post=1762"}],"curies":[{"name":"wp","href":"https:\/\/api.w.org\/{rel}","templated":true}]}}