{"id":1664,"date":"2013-09-05T00:00:00","date_gmt":"2013-09-05T00:00:00","guid":{"rendered":"https:\/\/isp2-sfe.infd.edu.ar\/sitio\/martorell-defendio-las-politicas-de-genero-impulsadas-por-la-provincia\/"},"modified":"2013-09-05T00:00:00","modified_gmt":"2013-09-05T00:00:00","slug":"martorell-defendio-las-politicas-de-genero-impulsadas-por-la-provincia","status":"publish","type":"post","link":"https:\/\/isp2-sfe.infd.edu.ar\/sitio\/martorell-defendio-las-politicas-de-genero-impulsadas-por-la-provincia\/","title":{"rendered":"Martorell defendi\u00f3 las pol\u00edticas de g\u00e9nero impulsadas por la provincia"},"content":{"rendered":"<p class=\"sitio_noticia_volanta\" >\n<h3>Martorell defendi\u00f3 las pol\u00edticas de g\u00e9nero impulsadas por la provincia<\/h3>\n<p class=\"sitio_noticia_copete\" >DIJO QUE ES \u00abHIST\u00d3RICA\u00bb LA GESTI\u00d3N QUE SE LLEVA ADELANTE<\/p>\n<hr class=\"sitio_noticia_contenido\" \/>\n<p >\n<h4 class=\"umcategoria\"><span style=\"font-size: 1.17em;\">La funcionaria estuvo este mediod&iacute;a en la C&aacute;mara de Diputados. Describi&oacute; las acciones que se impulsaron desde su repartici&oacute;n en estos veinte meses de trabajo. Reclam&oacute; &ldquo;instrumentos legales y econ&oacute;micos para hacer las transformaciones necesarias&rdquo;.<\/span><\/p>\n<div class=\"interior_cuerpo_um\">\n<div id=\"poli-05\"><\/p>\n<div class=\"story\">\n<div class=\"el-litoral-foto\"><img decoding=\"async\" class=\"posload\" src=\"http:\/\/www.ellitoral.com\/diarios\/2013\/09\/04\/politica\/POLI-05-web-images\/a_gd_fmt.jpeg\" border=\"0\" alt=\"a_gd.jpg\"><\/div>\n<div class=\"story\">\n<p class=\"x-foto-texto\">La reuni&oacute;n en la presidencia de la C&aacute;mara continuaba al cierre de esta edici&oacute;n. Foto: Guillermo Di Salvatore<\/p>\n<\/div>\n<p class=\"x-texto-firma\">De la redacci&oacute;n de El Litoral<\/p>\n<p class=\"x-texto-firma-mail\">politica@ellitoral.com<\/p>\n<p class=\"x-texto\" style=\"text-align: justify;\">La directora provincial de Pol&iacute;ticas de G&eacute;nero defendi&oacute; esta ma&ntilde;ana, en la presidencia de la C&aacute;mara de Diputados, los veinte meses de gesti&oacute;n que lleva como titular del &aacute;rea. Mercedes Martorell fue citada por los legisladores para explicar la actuaci&oacute;n de la repartici&oacute;n a su cargo -creada durante el gobierno de Antonio Bonfatti-, en un contexto de crecimiento de hechos de violencia de g&eacute;nero y de femicidios en particular.<\/p>\n<p class=\"x-texto\" style=\"text-align: justify;\">Antes de la reuni&oacute;n y en di&aacute;logo con El Litoral, la funcionaria destac&oacute; el hecho &ldquo;hist&oacute;rico&rdquo; de que Santa Fe cuente con un espacio espec&iacute;fico para atender esta tem&aacute;tica.<\/p>\n<p class=\"x-texto\" style=\"text-align: justify;\">&ldquo;Es hist&oacute;rico lo que se est&aacute; haciendo en la provincia, primero con la Direcci&oacute;n de la Mujer y luego con la de Pol&iacute;ticas de G&eacute;nero. Esto no es solamente nombres -aclar&oacute;-; esto es empezar a tomar el tema y a partir de ello, hacerse cargo de lo que significa trabajar en profundidad toda la problem&aacute;tica. Y estoy diciendo &lsquo;g&eacute;nero&rsquo; y no solamente mujer, porque tambi&eacute;n estamos trabajando con el colectivo LGBTI (Lesbianas, Gais, Bisexuales, Trans, Intersexuales), que es otra de las poblaciones que padece situaciones de exclusi&oacute;n y violencia&rdquo;.<\/p>\n<p class=\"x-texto-subtitulo\" style=\"text-align: justify;\">Acciones<\/p>\n<p class=\"x-texto\" style=\"text-align: justify;\">Respecto de las medidas adoptadas, Martorell mencion&oacute; la constituci&oacute;n de una red de refugios, la firma de convenios con municipios y comunas y el avance en la conformaci&oacute;n de la estructura de la direcci&oacute;n. Tambi&eacute;n, destac&oacute; el trabajo del equipo de guardia permanente.<\/p>\n<p class=\"x-texto\" style=\"text-align: justify;\">&ldquo;Nuestra preocupaci&oacute;n es c&oacute;mo atender a todas las mujeres de la provincia. Lo primero que se dijo es que para poder atender a una mujer tanto de Santa Fe como del norte o del sur era necesario generar pol&iacute;ticas de proximidad. Y se hicieron convenios con 101 municipios y comunas por un monto de cinco millones de pesos. Ese dinero va a ir a cubrir la creaci&oacute;n o el fortalecimiento de los equipos territoriales que atiendan g&eacute;nero&rdquo;, mencion&oacute;. Adem&aacute;s, cont&oacute; que se hicieron cursos de capacitaci&oacute;n en la tem&aacute;tica haciendo hincapi&eacute; en el colectivo LGBTI, mujeres de pueblos originarios y mujeres rurales. &ldquo;Las pol&iacute;ticas ejes del a&ntilde;o pasado -resumi&oacute;- fueron la creaci&oacute;n de la Direcci&oacute;n, los convenios con municipios y comunas, la capacitaci&oacute;n y la red de refugios. Y este a&ntilde;o -acot&oacute;-, avanzamos en la estructura de la Direcci&oacute;n, que ya est&aacute; entregada a los gremios para su revisi&oacute;n, y en la conformaci&oacute;n de equipos territoriales para promover los derechos y atender en situaciones de proximidad, las situaciones que se dan en el territorio&rdquo;.<\/p>\n<p class=\"x-texto\" style=\"text-align: justify;\">Con respecto al equipo de guardia permanente, dijo que se est&aacute;n abriendo los sobres de la convocatoria abierta lanzada para incorporar a cinco profesionales. &ldquo;Este llamado tambi&eacute;n es hist&oacute;rico -destac&oacute;-, y era otra de las necesidades sentidas. Yo quisiera que a la brevedad esto est&eacute; funcionando pero hay pasos legales que cumplir&rdquo;.<\/p>\n<p class=\"x-texto\" style=\"text-align: justify;\">Sobre las cr&iacute;ticas lanzadas desde la oposici&oacute;n, Martorell insisti&oacute; en recordar que &ldquo;nunca antes la provincia ni hab&iacute;a atendido esta situaci&oacute;n ni sab&iacute;a siquiera cu&aacute;ntas mujeres fallec&iacute;an. No es que a partir de este registro matan mujeres; las matan porque no las atend&iacute;an y no las registraban&rdquo;, sentenci&oacute;.<\/p>\n<p class=\"x-texto-subtitulo\" style=\"text-align: justify;\">&iquest;Emergencia?<\/p>\n<p class=\"x-texto\" style=\"text-align: justify;\">Acerca de la declaraci&oacute;n de emergencia provincial en la materia, proyecto que se discutir&aacute; ma&ntilde;ana en la C&aacute;mara de Diputados, Martorell adelant&oacute; su visi&oacute;n.<\/p>\n<p class=\"x-texto\" style=\"text-align: justify;\">&ldquo;A m&iacute; me encanta porque el presupuesto de la Direcci&oacute;n pas&oacute; por Diputados y en ese momento -advirti&oacute;- no hubo ninguna objeci&oacute;n. Nosotros desde la Direcci&oacute;n queremos que los diputados nos den todos los instrumentos legales y econ&oacute;micos para hacer las transformaciones necesarias. No es cuesti&oacute;n de plata; es cuesti&oacute;n de instrumentos legales; de poder acelerar plazos administrativos porque si no, tener plata y no poder usarla, tambi&eacute;n genera dificultades. Eso es lo que necesitamos. Se le ponga el nombre que se le ponga. Ya que existe una demanda y en algunos (diputados) una sincera preocupaci&oacute;n, esperemos que nos den los instrumentos legales y administrativos que nos permitan hacer todo lo que queremos y sabemos hacer&rdquo;, concluy&oacute;.<\/p>\n<\/div>\n<div class=\"story\" style=\"text-align: justify;\">\n<p class=\"x-resaltado-txt-cap\">\u00bb La pol&iacute;tica de g&eacute;nero no se implementa desde un solo ministerio, sino que es transversal a todos. Es un proceso conjunto y un compromiso de estado de avanzar&rdquo;.<\/p>\n<p class=\"x-resaltado-firma\">Mercedes Martorell<\/p>\n<p class=\"x-resaltado-firma2\">Directora de Pol&iacute;ticas de G&eacute;nero<\/p>\n<\/div>\n<div class=\"el-litoral-foto\" style=\"text-align: justify;\"><img decoding=\"async\" class=\"posload\" src=\"http:\/\/www.ellitoral.com\/diarios\/2013\/09\/04\/politica\/POLI-05-web-images\/b_pa_fmt.jpeg\" border=\"0\" alt=\"b_pa.jpg\"><\/div>\n<div class=\"story\">\n<p class=\"dato-chapa-2\" style=\"text-align: justify;\">El dato<\/p>\n<p class=\"x-sans-titulo\" style=\"text-align: justify;\">Contexto<\/p>\n<ul>\n<li class=\"x-sans-1-vi-eta\" style=\"text-align: justify;\">Consultada respecto del aumento de los femicidios en la provincia -se registraron 40 en los &uacute;ltimos veinte meses-, Martorell dijo que se enmarca en un &ldquo;enorme&rdquo; proceso de violencia social. &ldquo;La OMS ha declarado a nivel mundial la pandemia en violencia de g&eacute;nero. Por lo tanto hay que ser muy serios para decir las cosas que se dicen. G&eacute;nero no tiene partido pol&iacute;tico, ni religi&oacute;n, ni territorio. Tiene que ser un problema para avanzar en forma conjunta. En nuestros registros lo enmarcamos en el crecimiento de la violencia&rdquo;, expres&oacute;.<\/li>\n<\/ul>\n<\/div>\n<\/div>\n<\/div>\n<\/h4>\n<div class=\"sitio_noticia_url\">\n                            M\u00c3\u00a1s informaci\u00c3\u00b3n:<br \/>\n                            <a href=\"http:\/\/\" target=\"new_\"><\/p>\n<p>                            <\/a>\n                        <\/div>\n","protected":false},"excerpt":{"rendered":"<p>Martorell defendi\u00f3 las pol\u00edticas de g\u00e9nero impulsadas por la provincia DIJO QUE ES \u00abHIST\u00d3RICA\u00bb LA GESTI\u00d3N QUE SE LLEVA ADELANTE La funcionaria estuvo este mediod&iacute;a en la C&aacute;mara de Diputados. Describi&oacute; las acciones que se impulsaron desde su repartici&oacute;n en estos veinte meses de trabajo. Reclam&oacute; &ldquo;instrumentos legales y econ&oacute;micos para hacer las transformaciones necesarias&rdquo;. &#8230; <a title=\"Martorell defendi\u00f3 las pol\u00edticas de g\u00e9nero impulsadas por la provincia\" class=\"read-more\" href=\"https:\/\/isp2-sfe.infd.edu.ar\/sitio\/martorell-defendio-las-politicas-de-genero-impulsadas-por-la-provincia\/\" aria-label=\"More on Martorell defendi\u00f3 las pol\u00edticas de g\u00e9nero impulsadas por la provincia\">[+]<\/a><\/p>\n","protected":false},"author":3998,"featured_media":0,"comment_status":"open","ping_status":"open","sticky":false,"template":"","format":"standard","meta":[],"categories":[7,6],"tags":[],"acf":[],"_links":{"self":[{"href":"https:\/\/isp2-sfe.infd.edu.ar\/sitio\/wp-json\/wp\/v2\/posts\/1664"}],"collection":[{"href":"https:\/\/isp2-sfe.infd.edu.ar\/sitio\/wp-json\/wp\/v2\/posts"}],"about":[{"href":"https:\/\/isp2-sfe.infd.edu.ar\/sitio\/wp-json\/wp\/v2\/types\/post"}],"author":[{"embeddable":true,"href":"https:\/\/isp2-sfe.infd.edu.ar\/sitio\/wp-json\/wp\/v2\/users\/3998"}],"replies":[{"embeddable":true,"href":"https:\/\/isp2-sfe.infd.edu.ar\/sitio\/wp-json\/wp\/v2\/comments?post=1664"}],"version-history":[{"count":0,"href":"https:\/\/isp2-sfe.infd.edu.ar\/sitio\/wp-json\/wp\/v2\/posts\/1664\/revisions"}],"wp:attachment":[{"href":"https:\/\/isp2-sfe.infd.edu.ar\/sitio\/wp-json\/wp\/v2\/media?parent=1664"}],"wp:term":[{"taxonomy":"category","embeddable":true,"href":"https:\/\/isp2-sfe.infd.edu.ar\/sitio\/wp-json\/wp\/v2\/categories?post=1664"},{"taxonomy":"post_tag","embeddable":true,"href":"https:\/\/isp2-sfe.infd.edu.ar\/sitio\/wp-json\/wp\/v2\/tags?post=1664"}],"curies":[{"name":"wp","href":"https:\/\/api.w.org\/{rel}","templated":true}]}}