{"id":1654,"date":"2013-08-26T00:00:00","date_gmt":"2013-08-26T00:00:00","guid":{"rendered":"https:\/\/isp2-sfe.infd.edu.ar\/sitio\/estudiantes-de-institutos-de-formacion-docente-acompanaran-procesos-de-reescolarizacion\/"},"modified":"2013-08-26T00:00:00","modified_gmt":"2013-08-26T00:00:00","slug":"estudiantes-de-institutos-de-formacion-docente-acompanaran-procesos-de-reescolarizacion","status":"publish","type":"post","link":"https:\/\/isp2-sfe.infd.edu.ar\/sitio\/estudiantes-de-institutos-de-formacion-docente-acompanaran-procesos-de-reescolarizacion\/","title":{"rendered":"Estudiantes de institutos de formaci\u00f3n docente acompa\u00f1ar\u00e1n procesos de reescolarizaci\u00f3n"},"content":{"rendered":"<p class=\"sitio_noticia_volanta\" >\n<h3>Estudiantes de institutos de formaci\u00f3n docente acompa\u00f1ar\u00e1n procesos de reescolarizaci\u00f3n<\/h3>\n<p class=\"sitio_noticia_copete\" >En el marco del Programa \u0093Juventudes Incluidas\u0094 que lleva adelante la Secretar\u00eda de Seguridad Comunitaria del Ministerio de Seguridad.<\/p>\n<hr class=\"sitio_noticia_contenido\" \/>\n<p >\n<p>&nbsp;<img decoding=\"async\" style=\"display: block; margin-left: auto; margin-right: auto;\" title=\"Estudiantes de institutos de formaci&oacute;n docente acompa&ntilde;ar&aacute;n procesos de reescolarizaci&oacute;n\" src=\"http:\/\/www.santafe.gov.ar\/var\/plain\/storage\/images\/nuevo-subportal-educacion\/menu-central\/noticias\/estudiantes-de-institutos-de-formacion-docente-acompanaran-procesos-de-reescolarizacion\/858990-4-eng-GB\/Estudiantes-de-institutos-de-formacion-docente-acompanaran-procesos-de-reescolarizacion.jpg\" border=\"0\" width=\"465\"><\/p>\n<p>&nbsp;<\/p>\n<div class=\"articulo-contenido\">\n<p style=\"text-align: justify;\">La Secretar&iacute;a de Seguridad Comunitaria, perteneciente al Ministerio de Seguridad de la Provincia, present&oacute; este martes en las instalaciones del Instituto Superior de Profesorado N&deg; 8 de la ciudad capital, el proyecto de articulaci&oacute;n con la Direcci&oacute;n de Educaci&oacute;n Superior y los Profesorados e Institutos de Formaci&oacute;n Docente, del Ministerio de Educaci&oacute;n de la provincia, para la realizaci&oacute;n de tutor&iacute;as acad&eacute;micas en el marco del proyecto Juventudes en la Escuela, del programa Juventudes Incluidas.<\/p>\n<p style=\"text-align: justify;\">En esta primera instancia, la propuesta consiste en un trabajo conjunto entre los responsables del programa que lleva adelante la Secretar&iacute;a de Seguridad Comunitaria en el marco del plan de reescolarizaci&oacute;n de j&oacute;venes en situaciones de vulnerabilidad social, y los estudiantes de profesorado de Biolog&iacute;a, Historia e Ingl&eacute;s del Instituto Superior de Profesorado N&deg; 8 &ldquo;Almirante Guillermo Brown&rdquo;, quienes realizar&aacute;n pr&aacute;cticas de tutor&iacute;a de manera voluntaria.<\/p>\n<p style=\"text-align: justify;\">Entre las nuevas tareas para las que han de formarse los futuros docentes se encuentra la de tutor&iacute;a acad&eacute;mica y acompa&ntilde;amiento escolar. Por lo que las experiencias que se deriven de este proyecto contribuir&aacute;n no s&oacute;lo a la inclusi&oacute;n social de los sujetos, sino adem&aacute;s a la formaci&oacute;n de los estudiantes de las carreras de formaci&oacute;n docente a trav&eacute;s de pr&aacute;cticas profesionalizantes.<\/p>\n<p style=\"text-align: justify;\">&ldquo;Resulta altamente valioso para los futuros profesores entrar en contacto con j&oacute;venes que tienen una biograf&iacute;a escolar interrumpida antes de iniciar sus residencias docentes, ya que el acercamiento a estos procesos socio-educativos les ayudar&aacute;n a visualizar una escuela secundaria inclusiva que no deje de darle centralidad al saber&rdquo;, remarcaron desde la secretar&iacute;a.<\/p>\n<p style=\"text-align: justify;\">La labor que llevar&aacute;n adelante los alumnos de profesorado ser&aacute; de car&aacute;cter &iacute;ntegramente interdisciplinario, contando con el apoyo de estudiantes de la Licenciatura en Trabajo Social y profesionales vinculados a diferentes &aacute;reas de salud y educaci&oacute;n.<\/p>\n<p style=\"text-align: justify;\">De la actividad participaron el director provincial de Planificaci&oacute;n y Evaluaci&oacute;n de la Secretar&iacute;a de Seguridad Comunitaria, Ramiro Arola Lecour; la directora de Educaci&oacute;n Superior, Irene L&oacute;pez; el delegado de la Regional 4ta de Educaci&oacute;n, Rafael Bono; la coordinadora de los Equipos Socieducativos del Ministerio de Educaci&oacute;n, Stella Fern&aacute;ndez; la regente del Instituto Superior de Profesorado N&rdquo; 8, Susana Ib&aacute;&ntilde;ez; coordinadores territoriales del &aacute;rea de Seguridad Comunitaria; y la docente de Pr&aacute;ctica de Licenciatura en Trabajo Social y estudiantes de pr&aacute;ctica, Graciela Casina.<\/p>\n<p style=\"text-align: justify;\">JUVENTUDES EN LA ESCUELA<br \/>El proyecto de articulaci&oacute;n interinstitucional forma parte del Programa Juventudes Incluidas desde el que se llevan a cabo distintos tipos de acciones en torno a tres ejes de trabajo: Convivencia, Promoci&oacute;n y Garant&iacute;a de Derechos, Inclusi&oacute;n Social. Promoci&oacute;n y Garant&iacute;a de Derechos es el eje desde el cual surge la necesidad de pensar una pol&iacute;tica integral en materia de reescolarizaci&oacute;n de los j&oacute;venes que transitan por el programa.<\/p>\n<p style=\"text-align: justify;\">Para esto se dise&ntilde;&oacute; una red de trabajo interdisciplinario que incluye a los Equipos Socioeducativos del Ministerio de Educaci&oacute;n, a la Direcci&oacute;n de Educaci&oacute;n Superior, a los Profesorados e Institutos de Formaci&oacute;n Docente, a los Equipos territoriales de la Municipalidad de Santa Fe, al Servicio de Orientaci&oacute;n Social del Ministerio de Desarrollo Social, a la Licenciatura de Trabajo Social de la Facultad de Ciencias Jur&iacute;dicas y Sociales de la Universidad Nacional del Litoral, y que recientemente sum&oacute; los aportes de la Secretar&iacute;a de Innovaci&oacute;n Educativa y Relaciones institucionales del Ministerio de Educaci&oacute;n de la Provincia de Santa Fe.<\/p>\n<p style=\"text-align: justify;\">JUVENTUDES INCLUIDAS<br \/>El programa &ldquo;Inclusi&oacute;n Sociocultural de Adolescentes y J&oacute;venes en Situaci&oacute;n de Vulnerabilidad&rdquo; (Dec. 1497\/11) &#8211; Juventudes Incluidas, est&aacute; orientado a dar lugar a j&oacute;venes comprendidos en la franja etaria que va de los 16 y hasta los 30 a&ntilde;os, vinculados a conductas delictivas y h&aacute;bitos il&iacute;citos.<\/p>\n<p style=\"text-align: justify;\">Este dispositivo permite vincular a los j&oacute;venes con el Estado para que a partir de esta relaci&oacute;n se construyan y articulen redes para su inserci&oacute;n en la educaci&oacute;n, el deporte, la cultura, la salud, la formaci&oacute;n en oficios y el trabajo, orient&aacute;ndose hacia una efectiva inclusi&oacute;n social.<\/p>\n<p style=\"text-align: justify;\">Actualmente el programa se viene implementando en cinco barrios de la ciudad de Santa Fe: Alto Verde, Villa del barrio Centenario; Chaque&ntilde;o, Santa Rosa de Lima y San Lorenzo.<\/p>\n<p style=\"text-align: justify;\">SECRETAR&Iacute;A DE SEGURIDAD COMUNITARIA<br \/>La Secretar&iacute;a de Seguridad Comunitaria de la Provincia de Santa Fe, tiene dentro de sus incumbencias la implementaci&oacute;n y el desarrollo de acciones program&aacute;ticas e integrales que apuntan a mejorar la convivencia ciudadana y a su vez constituyen herramientas para la prevenci&oacute;n del delito.<\/p>\n<p style=\"text-align: justify;\">Con esta premisa, los equipos t&eacute;cnicos y territoriales del &aacute;rea, junto con otras agencias estatales, instituciones civiles, ONG&#8217;s (entre otros actores), promueven instancias de participaci&oacute;n, de construcci&oacute;n de ciudadan&iacute;a y de acceso a derechos elementales, no s&oacute;lo por parte de adolescentes y j&oacute;venes en situaci&oacute;n de vulnerabilidad social o en conflicto con la ley, sino tambi&eacute;n de sus n&uacute;cleos afectivos.<\/p>\n<\/div>\n<\/p>\n<div class=\"sitio_noticia_url\">\n                            M\u00c3\u00a1s informaci\u00c3\u00b3n:<br \/>\n                            <a href=\"http:\/\/\" target=\"new_\"><\/p>\n<p>                            <\/a>\n                        <\/div>\n","protected":false},"excerpt":{"rendered":"<p>Estudiantes de institutos de formaci\u00f3n docente acompa\u00f1ar\u00e1n procesos de reescolarizaci\u00f3n En el marco del Programa \u0093Juventudes Incluidas\u0094 que lleva adelante la Secretar\u00eda de Seguridad Comunitaria del Ministerio de Seguridad. &nbsp; &nbsp; La Secretar&iacute;a de Seguridad Comunitaria, perteneciente al Ministerio de Seguridad de la Provincia, present&oacute; este martes en las instalaciones del Instituto Superior de Profesorado &#8230; <a title=\"Estudiantes de institutos de formaci\u00f3n docente acompa\u00f1ar\u00e1n procesos de reescolarizaci\u00f3n\" class=\"read-more\" href=\"https:\/\/isp2-sfe.infd.edu.ar\/sitio\/estudiantes-de-institutos-de-formacion-docente-acompanaran-procesos-de-reescolarizacion\/\" aria-label=\"More on Estudiantes de institutos de formaci\u00f3n docente acompa\u00f1ar\u00e1n procesos de reescolarizaci\u00f3n\">[+]<\/a><\/p>\n","protected":false},"author":3998,"featured_media":0,"comment_status":"open","ping_status":"open","sticky":false,"template":"","format":"standard","meta":[],"categories":[7,6],"tags":[],"acf":[],"_links":{"self":[{"href":"https:\/\/isp2-sfe.infd.edu.ar\/sitio\/wp-json\/wp\/v2\/posts\/1654"}],"collection":[{"href":"https:\/\/isp2-sfe.infd.edu.ar\/sitio\/wp-json\/wp\/v2\/posts"}],"about":[{"href":"https:\/\/isp2-sfe.infd.edu.ar\/sitio\/wp-json\/wp\/v2\/types\/post"}],"author":[{"embeddable":true,"href":"https:\/\/isp2-sfe.infd.edu.ar\/sitio\/wp-json\/wp\/v2\/users\/3998"}],"replies":[{"embeddable":true,"href":"https:\/\/isp2-sfe.infd.edu.ar\/sitio\/wp-json\/wp\/v2\/comments?post=1654"}],"version-history":[{"count":0,"href":"https:\/\/isp2-sfe.infd.edu.ar\/sitio\/wp-json\/wp\/v2\/posts\/1654\/revisions"}],"wp:attachment":[{"href":"https:\/\/isp2-sfe.infd.edu.ar\/sitio\/wp-json\/wp\/v2\/media?parent=1654"}],"wp:term":[{"taxonomy":"category","embeddable":true,"href":"https:\/\/isp2-sfe.infd.edu.ar\/sitio\/wp-json\/wp\/v2\/categories?post=1654"},{"taxonomy":"post_tag","embeddable":true,"href":"https:\/\/isp2-sfe.infd.edu.ar\/sitio\/wp-json\/wp\/v2\/tags?post=1654"}],"curies":[{"name":"wp","href":"https:\/\/api.w.org\/{rel}","templated":true}]}}