{"id":1562,"date":"2013-02-22T00:00:00","date_gmt":"2013-02-22T00:00:00","guid":{"rendered":"https:\/\/isp2-sfe.infd.edu.ar\/sitio\/asociacion-de-estudios-de-poblacion-de-la-argentina\/"},"modified":"2013-02-22T00:00:00","modified_gmt":"2013-02-22T00:00:00","slug":"asociacion-de-estudios-de-poblacion-de-la-argentina","status":"publish","type":"post","link":"https:\/\/isp2-sfe.infd.edu.ar\/sitio\/asociacion-de-estudios-de-poblacion-de-la-argentina\/","title":{"rendered":"Asociaci\u00f3n de Estudios de Poblaci\u00f3n de la Argentina"},"content":{"rendered":"<p class=\"sitio_noticia_volanta\" >\n<h3>Asociaci\u00f3n de Estudios de Poblaci\u00f3n de la Argentina <\/h3>\n<p class=\"sitio_noticia_copete\" >XII Jornadas Argentinas de Estudios de Poblaci\u00f3n  Bah\u00eda Blanca, 18, 19 y 20 de septiembre de 2013 <\/p>\n<hr class=\"sitio_noticia_contenido\" \/>\n<p >\n<h4 style=\"text-align: center;\">Convocatoria a presentaci&oacute;n de Res&uacute;menes&nbsp;<br \/>para sesiones regulares y posters<\/p>\n<p style=\"text-align: justify;\">La Asociaci&oacute;n Estudios de Poblaci&oacute;n de Argentina &ndash;AEPA&ndash; se complace en anunciar a <br \/>sus socios, as&iacute; como a investigadores, funcionarios, estudiantes, organizaciones <br \/>nacionales e internacionales y a todo el p&uacute;blico interesado en las tem&aacute;ticas de poblaci&oacute;n, que las XII Jornadas Argentinas de Estudios de la Poblaci&oacute;n se realizar&aacute;n en la Universidad Nacional del Sur en la ciudad de Bah&iacute;a Blanca, del 18 y al 20 de septiembre de 2013. <br \/>Para todos los que se ocupan de la problem&aacute;tica poblacional en sus diversas&nbsp;dimensiones constituir&aacute; un momento de reflexi&oacute;n acerca de la construcci&oacute;n del conocimiento en la disciplina, en el contexto de las profundas transformaciones sociodemogr&aacute;ficas, econ&oacute;micas y culturales de Am&eacute;rica Latina. <br \/>Por esto, se espera contar con una amplia participaci&oacute;n que incentive la discusi&oacute;n&nbsp;constructiva en torno de temas que adquieren relevancia no solo acad&eacute;mica, sino tambi&eacute;n social y pol&iacute;tica. <br \/>A continuaci&oacute;n se presenta el calendario de las Jornadas, los formatos que deben observar los res&uacute;menes, las ponencias y posters, as&iacute; como la lista de las Sesiones Regulares. <br \/>Calendario:&nbsp;<br \/>&#61623; Presentaci&oacute;n de res&uacute;menes hasta el 15 de abril de 2013. <br \/>&#61623; La aceptaci&oacute;n de los res&uacute;menes se dar&aacute; a conocer el 15 de mayo de 2013. <br \/>&#61623; Presentaci&oacute;n de ponencias completas y res&uacute;menes extendidos de posters hasta <br \/>el 15 de julio de 2013.<\/p>\n<p>M&aacute;s informaci&oacute;n sobre la presentaci&oacute;n, presione<a title=\"AEPA 2013\" href=\"upload\/AEPA%202013.pdf\" target=\"_blank\"> aqu&iacute;<\/a>.<\/p>\n<p><a title=\"sitio de AEPA\" href=\"http:\/\/www.redaepa.org.ar\/\">http:\/\/www.redaepa.org.ar<\/a><\/p>\n<p>aepa.secretaria@gmail.com<\/p>\n<\/h4>\n<div class=\"sitio_noticia_url\">\n                            M\u00c3\u00a1s informaci\u00c3\u00b3n:<br \/>\n                            <a href=\"http:\/\/\" target=\"new_\"><\/p>\n<p>                            <\/a>\n                        <\/div>\n","protected":false},"excerpt":{"rendered":"<p>Asociaci\u00f3n de Estudios de Poblaci\u00f3n de la Argentina XII Jornadas Argentinas de Estudios de Poblaci\u00f3n Bah\u00eda Blanca, 18, 19 y 20 de septiembre de 2013 Convocatoria a presentaci&oacute;n de Res&uacute;menes&nbsp;para sesiones regulares y posters La Asociaci&oacute;n Estudios de Poblaci&oacute;n de Argentina &ndash;AEPA&ndash; se complace en anunciar a sus socios, as&iacute; como a investigadores, funcionarios, estudiantes, &#8230; <a title=\"Asociaci\u00f3n de Estudios de Poblaci\u00f3n de la Argentina\" class=\"read-more\" href=\"https:\/\/isp2-sfe.infd.edu.ar\/sitio\/asociacion-de-estudios-de-poblacion-de-la-argentina\/\" aria-label=\"More on Asociaci\u00f3n de Estudios de Poblaci\u00f3n de la Argentina\">[+]<\/a><\/p>\n","protected":false},"author":3998,"featured_media":0,"comment_status":"open","ping_status":"open","sticky":false,"template":"","format":"standard","meta":[],"categories":[7,6],"tags":[],"acf":[],"_links":{"self":[{"href":"https:\/\/isp2-sfe.infd.edu.ar\/sitio\/wp-json\/wp\/v2\/posts\/1562"}],"collection":[{"href":"https:\/\/isp2-sfe.infd.edu.ar\/sitio\/wp-json\/wp\/v2\/posts"}],"about":[{"href":"https:\/\/isp2-sfe.infd.edu.ar\/sitio\/wp-json\/wp\/v2\/types\/post"}],"author":[{"embeddable":true,"href":"https:\/\/isp2-sfe.infd.edu.ar\/sitio\/wp-json\/wp\/v2\/users\/3998"}],"replies":[{"embeddable":true,"href":"https:\/\/isp2-sfe.infd.edu.ar\/sitio\/wp-json\/wp\/v2\/comments?post=1562"}],"version-history":[{"count":0,"href":"https:\/\/isp2-sfe.infd.edu.ar\/sitio\/wp-json\/wp\/v2\/posts\/1562\/revisions"}],"wp:attachment":[{"href":"https:\/\/isp2-sfe.infd.edu.ar\/sitio\/wp-json\/wp\/v2\/media?parent=1562"}],"wp:term":[{"taxonomy":"category","embeddable":true,"href":"https:\/\/isp2-sfe.infd.edu.ar\/sitio\/wp-json\/wp\/v2\/categories?post=1562"},{"taxonomy":"post_tag","embeddable":true,"href":"https:\/\/isp2-sfe.infd.edu.ar\/sitio\/wp-json\/wp\/v2\/tags?post=1562"}],"curies":[{"name":"wp","href":"https:\/\/api.w.org\/{rel}","templated":true}]}}